{"id":18881,"date":"2022-04-05T14:10:22","date_gmt":"2022-04-05T14:10:22","guid":{"rendered":"https:\/\/www.showdowndisplays.eu\/?p=18881"},"modified":"2022-04-05T14:28:06","modified_gmt":"2022-04-05T14:28:06","slug":"atencion-horario-laboral-modificado-y-envios-en-la-primavera-2022","status":"publish","type":"post","link":"https:\/\/www.showdowndisplays.eu\/es\/atencion-horario-laboral-modificado-y-envios-en-la-primavera-2022\/","title":{"rendered":"Atenci\u00f3n: horario laboral modificado y env\u00edos en la primavera"},"content":{"rendered":"\n<div class=\"wp-block-group block-white-background\"><div class=\"wp-block-group__inner-container is-layout-flow wp-block-group-is-layout-flow\">\n<p>\u00a1La primavera lleg\u00f3! Esto significa que se avecinan algunos d\u00edas festivos en los que nuestra oficina y almac\u00e9n de Nederweert, P\u0159estanov y\/o Barcelona estar\u00e1n cerrados.<br>Tenga en cuenta estos festivos y aseg\u00farese de hacer sus pedidos a tiempo. De esta forma evitar\u00e1 sorpresas desagradables.<\/p>\n\n\n\n<figure class=\"wp-block-image size-large\"><img data-aspectratio=\"580\/293\" src=\"data:image\/gif;base64,R0lGODlhAQABAIAAAAAAAP\/\/\/yH5BAEAAAAALAAAAAABAAEAAAIBRAA7\" decoding=\"async\" width=\"580\" height=\"293\" data-src=\"https:\/\/www.showdowndisplays.eu\/wp-content\/uploads\/2022\/04\/Closing_dates_tabel-ES.jpg\" alt=\"Closing_dates_tabel-ES\" class=\"wp-image-18811 lazyload\" data-srcset=\"https:\/\/www.showdowndisplays.eu\/wp-content\/uploads\/2022\/04\/Closing_dates_tabel-ES.jpg 580w, https:\/\/www.showdowndisplays.eu\/wp-content\/uploads\/2022\/04\/Closing_dates_tabel-ES-534x270.jpg 534w, https:\/\/www.showdowndisplays.eu\/wp-content\/uploads\/2022\/04\/Closing_dates_tabel-ES-380x192.jpg 380w, https:\/\/www.showdowndisplays.eu\/wp-content\/uploads\/2022\/04\/Closing_dates_tabel-ES-96x48.jpg 96w, https:\/\/www.showdowndisplays.eu\/wp-content\/uploads\/2022\/04\/Closing_dates_tabel-ES-200x101.jpg 200w\" sizes=\"(max-width: 580px) 100vw, 580px\" \/><noscript><img decoding=\"async\" width=\"580\" height=\"293\" src=\"https:\/\/www.showdowndisplays.eu\/wp-content\/uploads\/2022\/04\/Closing_dates_tabel-ES.jpg\" alt=\"Closing_dates_tabel-ES\" class=\"wp-image-18811\" srcset=\"https:\/\/www.showdowndisplays.eu\/wp-content\/uploads\/2022\/04\/Closing_dates_tabel-ES.jpg 580w, https:\/\/www.showdowndisplays.eu\/wp-content\/uploads\/2022\/04\/Closing_dates_tabel-ES-534x270.jpg 534w, https:\/\/www.showdowndisplays.eu\/wp-content\/uploads\/2022\/04\/Closing_dates_tabel-ES-380x192.jpg 380w, https:\/\/www.showdowndisplays.eu\/wp-content\/uploads\/2022\/04\/Closing_dates_tabel-ES-96x48.jpg 96w, https:\/\/www.showdowndisplays.eu\/wp-content\/uploads\/2022\/04\/Closing_dates_tabel-ES-200x101.jpg 200w\" sizes=\"(max-width: 580px) 100vw, 580px\" \/><\/noscript><\/figure>\n\n\n\n<p><em>* El 27 de abril, el 26 de mayo, el 27 de mayo y el 6 de junio, la oficina y el almac\u00e9n de NL estar\u00e1n cerrados, pero los pedidos se procesar\u00e1n y enviar\u00e1n en CZ como de costumbre. El departamento de ventas no estar\u00e1 localizable ese d\u00eda y le responder\u00e1n al d\u00eda siguiente.<\/em><\/p>\n\n\n\n<p><em>** El 14 de abril, no hay producci\u00f3n ni env\u00edo desde P\u0159estanov (CZ). S\u00f3lo hay env\u00edos desde Nederweert o desde el almac\u00e9n de Barcelona. Las oficinas de Nederweert, P\u0159estanov y Barcelona est\u00e1r\u00e1n abiertas.<\/em><\/p>\n\n\n\n<p><em>*** El 15 de abril solo estar\u00e1 abierta la oficina en Nederweert (NL). Durante este d\u00eda no habr\u00e1 env\u00edos.<\/em><\/p>\n\n\n\n<p><em>****Los d\u00edas 6 y 24 de Junio, la oficina y el almac\u00e9n de Barcelona estar\u00e1n cerrados. Los nuevos pedidos se procesan con un retraso de 1 d\u00eda. El departamento de ventas no estar\u00e1 localizable en estos d\u00edas y le responder\u00e1n al d\u00eda siguiente.<\/em><\/p>\n<\/div><\/div>\n\n\n\n\n\n\n\n<h2 class=\"wp-block-heading\">Tenga en cuenta el tiempo de entrega adicional<\/h2>\n\n\n\n<p>Los transportistas con los que colaboramos tampoco realizan env\u00edos o en un menor n\u00famero. Durante d\u00edas festivos deber\u00e1 tener en cuenta que el plazo de entrega se puede ampliar 1 a 2 d\u00edas laborables.<\/p>\n\n\n\n<p>Los d\u00edas previos o posteriores a estos d\u00edas festivos estaremos por supuesto abiertos y a su entera disposici\u00f3n.<br>\u00a1Feliz primavera!<\/p>\n\n\n\n<p>El equipo Showdown Displays Europe<\/p>\n","protected":false},"excerpt":{"rendered":"<p>Plazo de entrega ampliado debido a los d\u00edas festivos<\/p>\n","protected":false},"author":6,"featured_media":18916,"comment_status":"closed","ping_status":"closed","sticky":false,"template":"","format":"standard","meta":{"_acf_changed":false,"footnotes":""},"categories":[52],"class_list":["post-18881","post","type-post","status-publish","format-standard","has-post-thumbnail","hentry","category-services-es"],"acf":[],"_links":{"self":[{"href":"https:\/\/www.showdowndisplays.eu\/es\/wp-json\/wp\/v2\/posts\/18881","targetHints":{"allow":["GET"]}}],"collection":[{"href":"https:\/\/www.showdowndisplays.eu\/es\/wp-json\/wp\/v2\/posts"}],"about":[{"href":"https:\/\/www.showdowndisplays.eu\/es\/wp-json\/wp\/v2\/types\/post"}],"author":[{"embeddable":true,"href":"https:\/\/www.showdowndisplays.eu\/es\/wp-json\/wp\/v2\/users\/6"}],"replies":[{"embeddable":true,"href":"https:\/\/www.showdowndisplays.eu\/es\/wp-json\/wp\/v2\/comments?post=18881"}],"version-history":[{"count":5,"href":"https:\/\/www.showdowndisplays.eu\/es\/wp-json\/wp\/v2\/posts\/18881\/revisions"}],"predecessor-version":[{"id":18906,"href":"https:\/\/www.showdowndisplays.eu\/es\/wp-json\/wp\/v2\/posts\/18881\/revisions\/18906"}],"wp:featuredmedia":[{"embeddable":true,"href":"https:\/\/www.showdowndisplays.eu\/es\/wp-json\/wp\/v2\/media\/18916"}],"wp:attachment":[{"href":"https:\/\/www.showdowndisplays.eu\/es\/wp-json\/wp\/v2\/media?parent=18881"}],"wp:term":[{"taxonomy":"category","embeddable":true,"href":"https:\/\/www.showdowndisplays.eu\/es\/wp-json\/wp\/v2\/categories?post=18881"}],"curies":[{"name":"wp","href":"https:\/\/api.w.org\/{rel}","templated":true}]}}