{"id":52756,"date":"2026-01-26T10:48:16","date_gmt":"2026-01-26T10:48:16","guid":{"rendered":"https:\/\/www.showdowndisplays.eu\/adjusted-opening-hours-and-shipping-in-2026\/"},"modified":"2026-04-22T06:38:25","modified_gmt":"2026-04-22T06:38:25","slug":"adjusted-opening-hours-and-shipping-in-2026","status":"publish","type":"post","link":"https:\/\/www.showdowndisplays.eu\/cs\/adjusted-opening-hours-and-shipping-in-2026\/","title":{"rendered":"Upraven\u00e1 otev\u00edrac\u00ed doba a expedice v roce 2026"},"content":{"rendered":"\n<p><strong>B\u011bhem st\u00e1tn\u00edch sv\u00e1tk\u016f v roce 2026 budou na\u0161e kancel\u00e1\u0159e a\/nebo sklad uzav\u0159eny. Tyto dny mohou ovlivnit zpracov\u00e1n\u00ed objedn\u00e1vek a expedici z\u00e1silek. Pros\u00edme, berte tyto sv\u00e1tky v \u00favahu a objedn\u00e1vky zad\u00e1vejte s dostate\u010dn\u00fdm p\u0159edstihem. Vyhnete se tak nep\u0159\u00edjemn\u00fdm p\u0159ekvapen\u00edm.<\/strong><\/p>\n\n\n\n<figure class=\"wp-block-table\"><table class=\"has-fixed-layout\"><tbody><tr><td><strong><strong>Datum<\/strong><\/strong><\/td><td><strong><strong>St\u00e1tn\u00ed sv\u00e1tek<\/strong><\/strong><\/td><td><strong>Pozn\u00e1mka<\/strong><\/td><\/tr><tr><td>3 dubna 2026<\/td><td>Velk\u00fd p\u00e1tek<\/td><td>Omezen\u00e9 expedice a uzav\u0159en\u00fd sklad\/kancel\u00e1\u0159e (CZ)<\/td><\/tr><tr><td>6 dubna 2026<\/td><td>Velikonoce (Velikono\u010dn\u00ed pond\u011bl\u00ed)<\/td><td><br>Omezen\u00e9 expedice a uzav\u0159en\u00fd sklad\/kancel\u00e1\u0159e (CZ a NL)<\/td><\/tr><tr><td>27 dubna 2026<\/td><td>Den kr\u00e1le (NL)<\/td><td>Uzav\u0159en\u00e1 kancel\u00e1\u0159 (NL)<\/td><\/tr><tr><td>1 kv\u011btna 2026<\/td><td>Sv\u00e1tek pr\u00e1ce<\/td><td>Omezen\u00e9 expedice a uzav\u0159en\u00fd sklad\/kancel\u00e1\u0159e (CZ)<\/td><\/tr><tr><td>8 kv\u011btna 2026<\/td><td>Den v\u00edt\u011bzstv\u00ed (osvobozen\u00ed od fa\u0161ismu) (CZ)<\/td><td>Omezen\u00e9 expedice a uzav\u0159en\u00fd sklad\/kancel\u00e1\u0159e (CZ)<\/td><\/tr><tr><td>14 kv\u011btna 2026<\/td><td>Nanebevstoupen\u00ed P\u00e1n\u011b (NL)<\/td><td>Uzav\u0159en\u00e1 kancel\u00e1\u0159 (NL)<\/td><\/tr><tr><td>25 kv\u011btna 2026<\/td><td>Letnice (NL)<\/td><td>Uzav\u0159en\u00e1 kancel\u00e1\u0159 (NL)<\/td><\/tr><tr><td>6 \u010dervence 2026<\/td><td>Den up\u00e1len\u00ed mistra Jana Husa (CZ)<\/td><td>Omezen\u00e9 expedice a uzav\u0159en\u00fd sklad\/kancel\u00e1\u0159e (CZ)<\/td><\/tr><tr><td>28 z\u00e1\u0159\u00ed 2026<\/td><td>Den \u010desk\u00e9 st\u00e1tnosti (CZ)<\/td><td>Omezen\u00e9 expedice a uzav\u0159en\u00fd sklad\/kancel\u00e1\u0159e (CZ)<\/td><\/tr><tr><td>28 \u0159\u00edjna 2026<\/td><td>Den vzniku samostatn\u00e9ho \u010deskoslovensk\u00e9ho st\u00e1tu (CZ)<\/td><td>Omezen\u00e9 expedice a uzav\u0159en\u00fd sklad\/kancel\u00e1\u0159e (CZ)<\/td><\/tr><tr><td>17 listopadu 2026<\/td><td>Den boje za svobodu a demokracii<\/td><td>Omezen\u00e9 expedice a uzav\u0159en\u00fd sklad\/kancel\u00e1\u0159e (CZ)<\/td><\/tr><tr><td>18 listopadu 2026<\/td><td>Den pok\u00e1n\u00ed a modliteb (Sasko, DE)<\/td><td>Omezen\u00e9 expedice<\/td><\/tr><tr><td>21 prosince 2026 \u2013 3 ledna 2027*<\/td><td>Sv\u00e1te\u010dn\u00ed obdob\u00ed (V\u00e1noce a Nov\u00fd rok)<\/td><td>\u017d\u00e1dn\u00e9 z\u00e1silky a zav\u0159en\u00fd sklad\/kancel\u00e1\u0159e (CZ a NL)<\/td><\/tr><\/tbody><\/table><\/figure>\n\n\n\n<p><em>* P\u0159esn\u00e9 dny uzav\u0159en\u00ed na\u0161ich kancel\u00e1\u0159\u00ed\/skladu budou je\u0161t\u011b up\u0159esn\u011bny.<\/em><\/p>\n\n\n\n<h2 class=\"wp-block-heading\">Po\u010d\u00edtejte s del\u0161\u00ed dodac\u00ed lh\u016ftou<\/h2>\n\n\n\n<p>Dopravn\u00ed spole\u010dnosti, se kter\u00fdmi spolupracujeme, budou m\u00edt b\u011bhem sv\u00e1tk\u016f omezen\u00fd provoz nebo budou zcela uzav\u0159eny. Doporu\u010dujeme proto po\u010d\u00edtat s prodlou\u017een\u00edm dodac\u00ed lh\u016fty o jeden a\u017e dva pracovn\u00ed dny v obdob\u00ed kolem t\u011bchto sv\u00e1tk\u016f.<\/p>\n\n\n\n<p>Ve v\u0161ech ostatn\u00edch dnech jsme otev\u0159eni a p\u0159ipraveni v\u00e1m pomoci.<br>P\u0159ejeme kr\u00e1sn\u00e9 sv\u00e1tky!<br><br>V\u00e1\u0161 t\u00fdm Showdown Displays Europe<\/p>\n\n\n\n\n\n\n\n<p><em>Updated: 26-01-2026<\/em><\/p>\n","protected":false},"excerpt":{"rendered":"<p>B\u011bhem st\u00e1tn\u00edch sv\u00e1tk\u016f v roce 2026 budou na\u0161e kancel\u00e1\u0159e a\/nebo sklad uzav\u0159eny. Tyto dny mohou ovlivnit zpracov\u00e1n\u00ed objedn\u00e1vek a expedici&#8230;<\/p>\n","protected":false},"author":6,"featured_media":0,"comment_status":"closed","ping_status":"closed","sticky":false,"template":"","format":"standard","meta":{"_acf_changed":false,"footnotes":""},"categories":[54],"class_list":["post-52756","post","type-post","status-publish","format-standard","hentry","category-services-cs"],"acf":[],"_links":{"self":[{"href":"https:\/\/www.showdowndisplays.eu\/cs\/wp-json\/wp\/v2\/posts\/52756","targetHints":{"allow":["GET"]}}],"collection":[{"href":"https:\/\/www.showdowndisplays.eu\/cs\/wp-json\/wp\/v2\/posts"}],"about":[{"href":"https:\/\/www.showdowndisplays.eu\/cs\/wp-json\/wp\/v2\/types\/post"}],"author":[{"embeddable":true,"href":"https:\/\/www.showdowndisplays.eu\/cs\/wp-json\/wp\/v2\/users\/6"}],"replies":[{"embeddable":true,"href":"https:\/\/www.showdowndisplays.eu\/cs\/wp-json\/wp\/v2\/comments?post=52756"}],"version-history":[{"count":9,"href":"https:\/\/www.showdowndisplays.eu\/cs\/wp-json\/wp\/v2\/posts\/52756\/revisions"}],"predecessor-version":[{"id":56302,"href":"https:\/\/www.showdowndisplays.eu\/cs\/wp-json\/wp\/v2\/posts\/52756\/revisions\/56302"}],"wp:attachment":[{"href":"https:\/\/www.showdowndisplays.eu\/cs\/wp-json\/wp\/v2\/media?parent=52756"}],"wp:term":[{"taxonomy":"category","embeddable":true,"href":"https:\/\/www.showdowndisplays.eu\/cs\/wp-json\/wp\/v2\/categories?post=52756"}],"curies":[{"name":"wp","href":"https:\/\/api.w.org\/{rel}","templated":true}]}}